{"id":45,"date":"2021-10-21T10:50:51","date_gmt":"2021-10-21T08:50:51","guid":{"rendered":"https:\/\/uwalls.pl\/blog\/?p=45"},"modified":"2022-03-17T14:36:57","modified_gmt":"2022-03-17T13:36:57","slug":"fototapeta-klimt-gustav","status":"publish","type":"post","link":"https:\/\/uwalls.pl\/blog\/fototapeta-klimt-gustav\/","title":{"rendered":"Gustav Klimt i jego s\u0142ynne obrazy"},"content":{"rendered":"<div class=\"vc_row wpb_row vc_row-fluid\"><div class=\"wpb_column vc_column_container vc_col-sm-12\"><div class=\"vc_column-inner\"><div class=\"wpb_wrapper\">\n\t<div class=\"wpb_text_column wpb_content_element \" >\n\t\t<div class=\"wpb_wrapper\">\n\t\t\t<p><span style=\"font-weight: 400;\">Gustav Klimt to austriacki malarz, \u015bwiatowej s\u0142awy mistrz przedstawiania kobiecego cia\u0142a. Swego czasu artysta zyska\u0142 skandaliczn\u0105 s\u0142aw\u0119 dzi\u0119ki swoim pracom \u201enasyconym\u201d nieskrywanym erotyzmem.<\/span><\/p>\n<p><span style=\"font-weight: 400;\">Na prze\u0142omie XVIII i XIX wieku obrazy o tak erotycznej tre\u015bci wydawa\u0142y si\u0119 zbyt odwa\u017cne i szokuj\u0105ce dla koneser\u00f3w sztuki, przyzwyczajonych do dzie\u0142 mistrz\u00f3w szko\u0142y klasycznej. Ale skandal nie sta\u0142 si\u0119 przeszkod\u0105 dla s\u0142awy, kt\u00f3r\u0105 Klimt by\u0142 obficie darzony za \u017cycia. Przedstawiciele europejskiej secesji uwa\u017caj\u0105 Klimta za tw\u00f3rc\u0119 tego nurtu. Dzi\u015b <a href=\"\/obrazy-znane\/\">s\u0142ynne obrazy<\/a> mistrza s\u0105 sprzedawane za bajeczne pieni\u0105dze.<\/span><\/p>\n\n\t\t<\/div>\n\t<\/div>\n<h2 style=\"text-align: left\" class=\"vc_custom_heading\" >Biografia<\/h2>\n\t<div class=\"wpb_text_column wpb_content_element \" >\n\t\t<div class=\"wpb_wrapper\">\n\t\t\t<p><span style=\"font-weight: 400;\">Ten znany przedstawiciel secesji urodzi\u0142 si\u0119 latem 1862 roku w Penzing, jednej z 23 dzielnic Wiednia. Penzing s\u0142ynie ze swojej malowniczej przyrody, poniewa\u017c znajduje si\u0119 na skraju Alp Wschodnich, a jedn\u0105 trzeci\u0105 tego obszaru zajmuje Las Wiede\u0144ski.<\/span><\/p>\n\n\t\t<\/div>\n\t<\/div>\n\n\t<div  class=\"wpb_single_image wpb_content_element vc_align_left\">\n\t\t\n\t\t<figure class=\"wpb_wrapper vc_figure\">\n\t\t\t<div class=\"vc_single_image-wrapper   vc_box_border_grey\"><img class=\"vc_single_image-img \" src=\"https:\/\/uwalls.pl\/blog\/wp-content\/uploads\/2019\/10\/klimt-01.jpg\" width=\"592\" height=\"591\" alt=\"klimt 01\" title=\"klimt 01\" \/><\/div>\n\t\t<\/figure>\n\t<\/div>\n\n\t<div class=\"wpb_text_column wpb_content_element \" >\n\t\t<div class=\"wpb_wrapper\">\n\t\t\t<p><span style=\"font-weight: 400;\">Pierwsze kroki w swojej tw\u00f3rczej biografii ma\u0142y Gustav poczyni\u0142 pod okiem ojca, kt\u00f3ry nauczy\u0142 syna mieszania farb i nak\u0142adania ich na p\u0142\u00f3tno. W wieku 14 lat m\u0142ody artysta zosta\u0142 uczniem szko\u0142y artystycznej i rzemie\u015blniczej w Wiedniu. Jako specjalizacj\u0119 Klimt wybra\u0142 malarstwo architektoniczne. Idolem m\u0142odego cz\u0142owieka podczas studi\u00f3w zosta\u0142 Hans Makart, kt\u00f3ry tworzy\u0142 w gatunku historycznym. Co zaskakuj\u0105ce, w latach studenckich przysz\u0142y mistrz art nouveau r\u00f3\u017cni\u0142 si\u0119 od post\u0119powych towarzyszy tym, \u017ce szanowa\u0142 konserwatywne zasady akademickiej edukacji.<\/span><\/p>\n\n\t\t<\/div>\n\t<\/div>\n<h2 style=\"text-align: left\" class=\"vc_custom_heading\" >Malarstwo<\/h2>\n\t<div class=\"wpb_text_column wpb_content_element \" >\n\t\t<div class=\"wpb_wrapper\">\n\t\t\t<p><span style=\"font-weight: 400;\">Na pocz\u0105tku lat 80. XIX wieku Gustav i jego brat Ernst wraz ze swoim przyjacielem Franzem Machem malowali freski w teatrach w prowincji austro-w\u0119gierskiej. W po\u0142owie lat 80. m\u0142odzi arty\u015bci ozdobili teatr i Muzeum Historii Sztuki w Wiedniu, za co Franciszek J\u00f3zef uhonorowa\u0142 Z\u0142otym Krzy\u017cem najzdolniejszego z tr\u00f3jcy &#8211; Gustava Klimta. Nagroda cesarska, otrzymana w wieku 26 lat, otworzy\u0142a mu drog\u0119 do uznania. Malarz zosta\u0142 honorowym cz\u0142onkiem uniwersytet\u00f3w w Wiedniu i Monachium.<\/span><\/p>\n\n\t\t<\/div>\n\t<\/div>\n\n\t<div  class=\"wpb_single_image wpb_content_element vc_align_left\">\n\t\t\n\t\t<figure class=\"wpb_wrapper vc_figure\">\n\t\t\t<div class=\"vc_single_image-wrapper   vc_box_border_grey\"><img class=\"vc_single_image-img \" src=\"https:\/\/uwalls.pl\/blog\/wp-content\/uploads\/2019\/10\/klimt-03.jpg\" width=\"592\" height=\"592\" alt=\"klimt 03\" title=\"klimt 03\" \/><\/div>\n\t\t<\/figure>\n\t<\/div>\n\n\t<div class=\"wpb_text_column wpb_content_element \" >\n\t\t<div class=\"wpb_wrapper\">\n\t\t\t<p><span style=\"font-weight: 400;\">W drugiej po\u0142owie 1890 przysz\u0142y tw\u00f3rca modernizmu stan\u0105\u0142 na czele grupy artyst\u00f3w zwanej wiede\u0144sk\u0105 secesj\u0105. M\u0142odzi austriaccy buntownicy odrzucali ramy malarstwa akademickiego, zaskakuj\u0105c i szokuj\u0105c spo\u0142ecze\u0144stwo zbyt odwa\u017cnymi dzie\u0142ami.<\/span><\/p>\n<p><span style=\"font-weight: 400;\">Pierwsze prace Klimta, kt\u00f3re przynios\u0142y mu skandaliczn\u0105 s\u0142aw\u0119, by\u0142y dekoracyjne. W 1894 r. otrzyma\u0142 on zam\u00f3wienie na 3 obrazy na sufit auli Uniwersytetu Wiede\u0144skiego, kt\u00f3re uko\u0144czy\u0142 6 lat p\u00f3\u017aniej. Prezentacja obraz\u00f3w \u201eFilozofia\u201d, \u201eMedycyna\u201d i \u201eOrzecznictwo\u201d przerodzi\u0142a si\u0119 w skandal.<\/span><\/p>\n\n\t\t<\/div>\n\t<\/div>\n\n\t<div  class=\"wpb_single_image wpb_content_element vc_align_left\">\n\t\t\n\t\t<figure class=\"wpb_wrapper vc_figure\">\n\t\t\t<div class=\"vc_single_image-wrapper   vc_box_border_grey\"><img class=\"vc_single_image-img \" src=\"https:\/\/uwalls.pl\/blog\/wp-content\/uploads\/2019\/10\/klimt-04.jpg\" width=\"593\" height=\"593\" alt=\"klimt 04\" title=\"klimt 04\" \/><\/div>\n\t\t<\/figure>\n\t<\/div>\n\n\t<div class=\"wpb_text_column wpb_content_element \" >\n\t\t<div class=\"wpb_wrapper\">\n\t\t\t<p><span style=\"font-weight: 400;\">Oburzeni konserwatywni obywatele nazwali prace pornografi\u0105 i domagali si\u0119 zamkni\u0119cia malarza w wi\u0119zieniu. Gustav Klimt nie przyjmowa\u0142 wi\u0119cej podobnych zlece\u0144, ale nie zrezygnowa\u0142 z rysowania nagiej kobiecej natury. Jednocze\u015bnie erotyka i zmys\u0142owo\u015b\u0107 w jego p\u0142\u00f3tnach nie przekracza\u0142y cienkiej granicy, poza kt\u00f3r\u0105 sta\u0142yby si\u0119 rozwi\u0105z\u0142e i wulgarne.<\/span><\/p>\n<p><span style=\"font-weight: 400;\">Fina\u0142 lat 90. XIX wieku nazywany jest \u201ez\u0142otym okresem\u201d w tw\u00f3rczo\u015bci mistrza secesji. Do tworzenia obraz\u00f3w tego czasu Klimt u\u017cywa\u0142 z\u0142ota p\u0142atkowego, a jego p\u0142\u00f3tna z ko\u0144ca lat 90. XIX wieku s\u0105 najdro\u017csze i najs\u0142ynniejsze.\u00a0<\/span><\/p>\n<p><span style=\"font-weight: 400;\">W 1899 roku Gustav Klimt ponownie zszokowa\u0142 publiczno\u015b\u0107, prezentuj\u0105c p\u0142\u00f3tno pod tytu\u0142em \u201eNaga prawda\u201d. Symboliczna naga rudow\u0142osa dziewczyna z lustrem w d\u0142oni uosabia\u0142a t\u0119 w\u0142a\u015bnie \u201enag\u0105 prawd\u0119\u201d. Na fal\u0119 krytyki malarz odpowiedzia\u0142 dok\u0142adnie tak, jak tego mo\u017cna by\u0142o oczekiwa\u0107 od genialnego awanturnika: namalowa\u0142 nowy obraz o tym samym szokuj\u0105cym \u201echarakterze\u201d. Obraz \u201eZ\u0142ote Ryby\u201d pokaza\u0142 publiczno\u015bci wdzi\u0119ki tej samej pi\u0119kno\u015bci z ognistymi w\u0142osami i zaokr\u0105glonymi kszta\u0142tami.<\/span><\/p>\n\n\t\t<\/div>\n\t<\/div>\n\n\t<div  class=\"wpb_single_image wpb_content_element vc_align_left\">\n\t\t\n\t\t<figure class=\"wpb_wrapper vc_figure\">\n\t\t\t<div class=\"vc_single_image-wrapper   vc_box_border_grey\"><img class=\"vc_single_image-img \" src=\"https:\/\/uwalls.pl\/blog\/wp-content\/uploads\/2019\/10\/klimt-05.jpg\" width=\"592\" height=\"594\" alt=\"klimt 05\" title=\"klimt 05\" \/><\/div>\n\t\t<\/figure>\n\t<\/div>\n\n\t<div class=\"wpb_text_column wpb_content_element \" >\n\t\t<div class=\"wpb_wrapper\">\n\t\t\t<p><span style=\"font-weight: 400;\">Gustav Klimt by\u0142 ulubie\u0144cem losu. By\u0142 s\u0142awny za \u017cycia. Mistrz by\u0142 bombardowany zam\u00f3wieniami, kt\u00f3re by\u0142y hojnie op\u0142acane. M\u00f3g\u0142 wybiera\u0107 tematy i motywy, kt\u00f3re wydawa\u0142y mu si\u0119 interesuj\u0105ce. Ale w ka\u017cdym z jego obraz\u00f3w obowi\u0105zkowym elementem by\u0142y kobiece cia\u0142a i nieukryty erotyzm.<\/span><\/p>\n<p><span style=\"font-weight: 400;\">Najs\u0142ynniejszymi obrazami \u201ez\u0142otego okresu\u201d austriackiego mistrza secesji s\u0105, opr\u00f3cz \u201ePoca\u0142unku\u201d i \u201eNagiej prawdy\u201d, p\u0142\u00f3tna \u201ePortret Adele Bloch-Bauer\u201d, \u201eW\u0119\u017ce wodne\u201d, \u201eNadzieja\u201d, \u201eTrzy okresy \u017cycia kobiety\u201d i \u201eDrzewo mi\u0142o\u015bci\u201d. Ostatnie dzie\u0142o, namalowany w latach 1905-1909 fresk, mo\u017cna zobaczy\u0107 w Pa\u0142acu Stocleta w Brukseli. Fresk ma inne nazwy &#8211; &#8220;Drzewo Wiedzy&#8221; i &#8220;Drzewo \u017bycia&#8221;.<\/span><\/p>\n\n\t\t<\/div>\n\t<\/div>\n\n\t<div  class=\"wpb_single_image wpb_content_element vc_align_left\">\n\t\t\n\t\t<figure class=\"wpb_wrapper vc_figure\">\n\t\t\t<div class=\"vc_single_image-wrapper   vc_box_border_grey\"><img class=\"vc_single_image-img \" src=\"https:\/\/uwalls.pl\/blog\/wp-content\/uploads\/2019\/10\/klimt-02.jpg\" width=\"590\" height=\"592\" alt=\"klimt 02\" title=\"klimt 02\" \/><\/div>\n\t\t<\/figure>\n\t<\/div>\n\n\t<div class=\"wpb_text_column wpb_content_element \" >\n\t\t<div class=\"wpb_wrapper\">\n\t\t\t<p><span style=\"font-weight: 400;\">Spu\u015bcizn\u0105 Gustava Klimta s\u0105 tak\u017ce pejza\u017ce malowane w jego \u201esygnaturowym\u201d stylu malarstwa. Dla nich mistrz wybiera\u0142 kwadratowe p\u0142\u00f3tna, wierz\u0105c, \u017ce taka forma \u201erozszerza\u201d przestrze\u0144. W ostatnich pi\u0119ciu latach \u017cycia Klimt malowa\u0142 tylko pejza\u017ce. Najbardziej znane to \u201eJab\u0142o\u0144\u201d i \u201eBrzozowy las\u201d.<\/span><\/p>\n\n\t\t<\/div>\n\t<\/div>\n\n\t<div class=\"wpb_text_column wpb_content_element \" >\n\t\t<div class=\"wpb_wrapper\">\n\t\t\t<p><span style=\"font-weight: 400;\">klimt 01<\/span><\/p>\n<p><a href=\"https:\/\/uwalls.pl\/obrazy-judith-26353\/\"><span style=\"font-weight: 400;\">https:\/\/uwalls.pl\/obrazy-judith-26353\/<\/span><\/a><span style=\"font-weight: 400;\">\u00a0<\/span><\/p>\n<p><span style=\"font-weight: 400;\">klimt 02<\/span><\/p>\n<p><a href=\"https:\/\/uwalls.pl\/obrazy-adele-bloch-bauer-26318\/\"><span style=\"font-weight: 400;\">https:\/\/uwalls.pl\/obrazy-adele-bloch-bauer-26318\/<\/span><\/a><\/p>\n<p><span style=\"font-weight: 400;\">klimt 03<\/span><\/p>\n<p><a href=\"https:\/\/uwalls.pl\/obrazy-trzy-epoki-kobiety-26346\/\"><span style=\"font-weight: 400;\">https:\/\/uwalls.pl\/obrazy-trzy-epoki-kobiety-26346\/<\/span><\/a><\/p>\n<p><span style=\"font-weight: 400;\">klimt 04<\/span><\/p>\n<p><a href=\"https:\/\/uwalls.pl\/obrazy-medycyna-26333\/\"><span style=\"font-weight: 400;\">https:\/\/uwalls.pl\/obrazy-medycyna-26333\/<\/span><\/a><\/p>\n<p><span style=\"font-weight: 400;\">klimt 05<\/span><\/p>\n<p><a href=\"https:\/\/uwalls.pl\/obrazy-zlota-rybka-26328\/\"><span style=\"font-weight: 400;\">https:\/\/uwalls.pl\/obrazy-zlota-rybka-26328\/<\/span><\/a><\/p>\n\n\t\t<\/div>\n\t<\/div>\n<\/div><\/div><\/div><\/div>\n","protected":false},"excerpt":{"rendered":"Gustav Klimt to austriacki malarz, \u015bwiatowej s\u0142awy mistrz przedstawiania kobiecego cia\u0142a. Swego czasu artysta zyska\u0142 skandaliczn\u0105 s\u0142aw\u0119 dzi\u0119ki swoim pracom \u201enasyconym\u201d nieskrywanym erotyzmem. Na prze\u0142omie XVIII i XIX wieku obrazy o tak erotycznej tre\u015bci wydawa\u0142y si\u0119 zbyt odwa\u017cne i szokuj\u0105ce dla koneser\u00f3w sztuki, przyzwyczajonych do dzie\u0142 mistrz\u00f3w szko\u0142y klasycznej. Ale skandal nie sta\u0142 si\u0119 przeszkod\u0105 dla s\u0142awy, kt\u00f3r\u0105 Klimt by\u0142 obficie darzony za \u017cycia. Przedstawiciele... <p class=\"more\"><a class=\"more-link\" href=\"https:\/\/uwalls.pl\/blog\/fototapeta-klimt-gustav\/\">Read More<\/a><\/p>","protected":false},"author":1,"featured_media":1738,"comment_status":"closed","ping_status":"closed","sticky":false,"template":"","format":"standard","meta":[],"categories":[302,1095,1046],"tags":[],"table_tags":[],"yst_prominent_words":[141,217,218,140,221,30,145,15,173],"amp_validity":null,"amp_enabled":true,"_links":{"self":[{"href":"https:\/\/uwalls.pl\/blog\/wp-json\/wp\/v2\/posts\/45"}],"collection":[{"href":"https:\/\/uwalls.pl\/blog\/wp-json\/wp\/v2\/posts"}],"about":[{"href":"https:\/\/uwalls.pl\/blog\/wp-json\/wp\/v2\/types\/post"}],"author":[{"embeddable":true,"href":"https:\/\/uwalls.pl\/blog\/wp-json\/wp\/v2\/users\/1"}],"replies":[{"embeddable":true,"href":"https:\/\/uwalls.pl\/blog\/wp-json\/wp\/v2\/comments?post=45"}],"version-history":[{"count":0,"href":"https:\/\/uwalls.pl\/blog\/wp-json\/wp\/v2\/posts\/45\/revisions"}],"wp:featuredmedia":[{"embeddable":true,"href":"https:\/\/uwalls.pl\/blog\/wp-json\/wp\/v2\/media\/1738"}],"wp:attachment":[{"href":"https:\/\/uwalls.pl\/blog\/wp-json\/wp\/v2\/media?parent=45"}],"wp:term":[{"taxonomy":"category","embeddable":true,"href":"https:\/\/uwalls.pl\/blog\/wp-json\/wp\/v2\/categories?post=45"},{"taxonomy":"post_tag","embeddable":true,"href":"https:\/\/uwalls.pl\/blog\/wp-json\/wp\/v2\/tags?post=45"},{"taxonomy":"table_tags","embeddable":true,"href":"https:\/\/uwalls.pl\/blog\/wp-json\/wp\/v2\/table_tags?post=45"},{"taxonomy":"yst_prominent_words","embeddable":true,"href":"https:\/\/uwalls.pl\/blog\/wp-json\/wp\/v2\/yst_prominent_words?post=45"}],"curies":[{"name":"wp","href":"https:\/\/api.w.org\/{rel}","templated":true}]}}